{"id":409,"__str__":"Mensagem n\u00ba 1 de 2021","link_detail_backend":"/materia/409","metadata":{},"numero":1,"ano":2021,"numero_protocolo":50,"data_apresentacao":"2021-05-13","tipo_apresentacao":"E","data_publicacao":null,"numero_origem_externa":"","ano_origem_externa":null,"data_origem_externa":null,"apelido":"","dias_prazo":null,"data_fim_prazo":null,"em_tramitacao":true,"polemica":false,"objeto":"","complementar":false,"ementa":"Disp\u00f5e sobre a adequa\u00e7\u00e3o da legisla\u00e7\u00e3o do Regime Pr\u00f3prio de Previd\u00eancia dos servidores p\u00fablicos do Munic\u00edpio de Ribeir\u00e3ozinho/MT PREVI-RIBE em raz\u00e3o das altera\u00e7\u00f5es promovidas no sistema previdenci\u00e1rio pela Emenda Constitucional n\u00b0103/2019 e Altera a reda\u00e7\u00e3o da Lei Complementar n\u00b0028 de 21 de dezembro de 2007, que institui o Regime Pr\u00f3prio de Previd\u00eancia Social do Munic\u00edpio de Ribeir\u00e3ozinho/MT d\u00e1 outras providencias.","indexacao":"","observacao":"","resultado":"","texto_original":null,"data_ultima_atualizacao":"2021-05-13T10:51:38.554797-03:00","ip":"138.219.23.120","ultima_edicao":"2021-05-13T10:51:38.554506-03:00","tipo":4,"regime_tramitacao":2,"tipo_origem_externa":null,"local_origem_externa":null,"user":15,"anexadas":[],"autores":[1]}