{"id":469,"__str__":"Mo\u00e7\u00e3o n\u00ba 6 de 2021","link_detail_backend":"/materia/469","metadata":{},"numero":6,"ano":2021,"numero_protocolo":129,"data_apresentacao":"2021-09-24","tipo_apresentacao":"E","data_publicacao":null,"numero_origem_externa":"","ano_origem_externa":null,"data_origem_externa":null,"apelido":"","dias_prazo":null,"data_fim_prazo":null,"em_tramitacao":true,"polemica":false,"objeto":"","complementar":false,"ementa":"Mo\u00e7\u00e3o de Aplausos e Congratula\u00e7\u00f5es em Homenagem ao Sr. Albino Domingos Pena e Fam\u00edlia pelos atos de solidariedade com a popula\u00e7\u00e3o de Ribeir\u00e3ozinho- MT, principalmente na pandemia de Covid-19.","indexacao":"","observacao":"","resultado":"","texto_original":null,"data_ultima_atualizacao":"2021-09-24T10:26:18.684598-03:00","ip":"138.219.23.120","ultima_edicao":"2021-09-24T10:26:18.684150-03:00","tipo":7,"regime_tramitacao":1,"tipo_origem_externa":null,"local_origem_externa":null,"user":15,"anexadas":[],"autores":[16]}