{"id":472,"__str__":"Projeto de Lei Complementar n\u00ba 117 de 2021","link_detail_backend":"/materia/472","metadata":{},"numero":117,"ano":2021,"numero_protocolo":133,"data_apresentacao":"2021-09-28","tipo_apresentacao":"E","data_publicacao":null,"numero_origem_externa":"","ano_origem_externa":null,"data_origem_externa":null,"apelido":"","dias_prazo":null,"data_fim_prazo":null,"em_tramitacao":true,"polemica":false,"objeto":"","complementar":false,"ementa":"Disp\u00f5e sobre a adequa\u00e7\u00e3o da legisla\u00e7\u00e3o do Regime Pr\u00f3prio de Previd\u00eancia dos Servidores p\u00fablicos do Munic\u00edpio de Ribeir\u00e3ozinho-MT PREVI-RIBE em raz\u00e3o das altera\u00e7\u00f5es promovidas no sistema previdenci\u00e1rio pela Emenda Constitucional n\u00ba 103/2019 e Altera a reda\u00e7\u00e3o da Lei Complementar n. 028, de 21 de dezembro de 2007, e d\u00e1 outras providencias.","indexacao":"","observacao":"","resultado":"","texto_original":null,"data_ultima_atualizacao":"2021-09-28T11:19:13.496560-03:00","ip":"138.219.23.120","ultima_edicao":"2021-09-28T11:19:13.496139-03:00","tipo":5,"regime_tramitacao":1,"tipo_origem_externa":null,"local_origem_externa":null,"user":15,"anexadas":[],"autores":[1]}