{"id":619,"__str__":"Projeto de Lei Ordin\u00e1ria n\u00ba 864 de 2023","link_detail_backend":"/materia/619","metadata":{},"numero":864,"ano":2023,"numero_protocolo":64,"data_apresentacao":"2023-08-22","tipo_apresentacao":"E","data_publicacao":null,"numero_origem_externa":"","ano_origem_externa":null,"data_origem_externa":null,"apelido":"","dias_prazo":null,"data_fim_prazo":null,"em_tramitacao":true,"polemica":false,"objeto":"","complementar":false,"ementa":"D\u00e1 denomina\u00e7\u00e3o ao Pr\u00e9dio P\u00fablico da Secretaria Municipal de Agricultura e d\u00e1 outras provid\u00eancias. Wander Ribeiro Silva","indexacao":"","observacao":"","resultado":"","texto_original":null,"data_ultima_atualizacao":"2023-08-22T15:23:06.170624-03:00","ip":"170.82.76.178","ultima_edicao":"2023-08-22T15:23:06.168662-03:00","tipo":1,"regime_tramitacao":1,"tipo_origem_externa":null,"local_origem_externa":null,"user":15,"anexadas":[],"autores":[1]}