{"id":683,"__str__":"Projeto de Lei Ordin\u00e1ria n\u00ba 2 de 2019","link_detail_backend":"/materia/683","metadata":{},"numero":2,"ano":2019,"numero_protocolo":151,"data_apresentacao":"2019-09-05","tipo_apresentacao":"E","data_publicacao":null,"numero_origem_externa":"","ano_origem_externa":null,"data_origem_externa":null,"apelido":"","dias_prazo":null,"data_fim_prazo":null,"em_tramitacao":true,"polemica":false,"objeto":"","complementar":false,"ementa":"\u201cINSTITUI O DIA DA MERENDEIRA ESCOLAR NO MUNIC\u00cdPIO DE RIBEIR\u00c3OZINHO E D\u00c1 OUTRAS PROVID\u00caNCIAS\u201d.","indexacao":"","observacao":"","resultado":"","texto_original":null,"data_ultima_atualizacao":"2024-06-11T13:58:48.055976-03:00","ip":"138.219.21.86","ultima_edicao":"2024-06-11T13:58:48.054944-03:00","tipo":1,"regime_tramitacao":1,"tipo_origem_externa":null,"local_origem_externa":null,"user":15,"anexadas":[],"autores":[13]}