{"id":721,"__str__":"Projeto de Lei Ordin\u00e1ria n\u00ba 8 de 2025","link_detail_backend":"/materia/721","metadata":{"signs":{"texto_original":{"admin":[],"autores":[["Danilo Coelho Domingos",["2025-02-07T14:26:29-03:00","ICP-Brasil - Certificado PF A1"]]]}}},"numero":8,"ano":2025,"numero_protocolo":13,"data_apresentacao":"2025-02-07","tipo_apresentacao":"","data_publicacao":null,"numero_origem_externa":"","ano_origem_externa":null,"data_origem_externa":null,"apelido":"","dias_prazo":null,"data_fim_prazo":null,"em_tramitacao":true,"polemica":false,"objeto":"","complementar":false,"ementa":"Cria O Cargo De Subprefeito No Distrito Col\u00f4nia Couto Magalh\u00e3es, No Munic\u00edpio De Ribeir\u00e3ozinho, Vinculado \u00c0 Lei 844/2023, Com Designa\u00e7\u00e3o Comissionada Junto Ao Gabinete Do Prefeito.","indexacao":"","observacao":"","resultado":"","texto_original":"http://sapl.ribeiraozinho.mt.leg.br/media/sapl/public/materialegislativa/2025/721/projeto_de_lei_008-2025_-_subp_ccm.pdf","data_ultima_atualizacao":"2025-02-07T17:39:20.014275-03:00","ip":"","ultima_edicao":null,"tipo":1,"regime_tramitacao":1,"tipo_origem_externa":null,"local_origem_externa":null,"user":null,"anexadas":[],"autores":[1]}