{"id":831,"__str__":"Projeto de Lei Complementar n\u00ba 3 de 2025","link_detail_backend":"/materia/831","metadata":{"signs":{"texto_original":{"admin":[],"autores":[["Danilo Coelho Domingos",["2025-09-25T16:06:03-03:00","ICP-Brasil - Certificado PF A1"]]]}}},"numero":3,"ano":2025,"numero_protocolo":196,"data_apresentacao":"2025-10-08","tipo_apresentacao":"","data_publicacao":null,"numero_origem_externa":"","ano_origem_externa":null,"data_origem_externa":null,"apelido":"","dias_prazo":null,"data_fim_prazo":null,"em_tramitacao":true,"polemica":false,"objeto":"","complementar":false,"ementa":"\u201cDisp\u00f5e sobre a cria\u00e7\u00e3o do Conselho Municipal de Meio Ambiente \u2013 CMMA do Munic\u00edpio de Ribeir\u00e3ozinho/MT, e d\u00e1 outras provid\u00eancias\u201d.","indexacao":"","observacao":"","resultado":"","texto_original":"http://sapl.ribeiraozinho.mt.leg.br/media/sapl/public/materialegislativa/2025/831/projeto_de_lei_no_003-2025_-_conselho_meio_ambiente.pdf","data_ultima_atualizacao":"2025-10-08T09:37:27.482699-03:00","ip":"","ultima_edicao":null,"tipo":5,"regime_tramitacao":1,"tipo_origem_externa":null,"local_origem_externa":null,"user":null,"anexadas":[],"autores":[1]}