{"id":838,"__str__":"Mo\u00e7\u00e3o n\u00ba 6 de 2025","link_detail_backend":"/materia/838","metadata":{},"numero":6,"ano":2025,"numero_protocolo":207,"data_apresentacao":"2025-10-24","tipo_apresentacao":"E","data_publicacao":null,"numero_origem_externa":"","ano_origem_externa":null,"data_origem_externa":null,"apelido":"","dias_prazo":null,"data_fim_prazo":null,"em_tramitacao":false,"polemica":false,"objeto":"","complementar":false,"ementa":"Mo\u00e7\u00e3o de aplausos e congratula\u00e7\u00f5es ao Sr. M\u00e1rcio Paz C\u00e2mara, em reconhecimento aos seus esfor\u00e7os, conquistas e pela valiosa contribui\u00e7\u00e3o em levar o nome de Ribeir\u00e3ozinho\u2013MT ao destaque nacional","indexacao":"","observacao":"","resultado":"","texto_original":"http://sapl.ribeiraozinho.mt.leg.br/media/sapl/public/materialegislativa/2025/838/mocao_de_no_05-2025_marcio_camara.pdf","data_ultima_atualizacao":"2025-10-24T11:29:07.603405-03:00","ip":"138.219.23.120","ultima_edicao":"2025-10-24T11:29:07.601725-03:00","tipo":7,"regime_tramitacao":1,"tipo_origem_externa":null,"local_origem_externa":null,"user":15,"anexadas":[],"autores":[32]}