{"id":310,"__str__":"Indica\u00e7\u00e3o n\u00ba 1 de 2017 | Proposi\u00e7\u00e3o apresentada em Plen\u00e1rio | 08/02/2017","link_detail_backend":"/materia/tramitacao/310","metadata":{},"timestamp":"2018-09-29T11:01:15.047444-03:00","data_tramitacao":"2017-02-08","data_encaminhamento":"2017-02-13","urgente":false,"turno":"U","texto":"Proposi\u00e7\u00e3o apresentada em Plen\u00e1rio ","data_fim_prazo":null,"ip":"","ultima_edicao":null,"status":28,"materia":50,"unidade_tramitacao_local":1,"unidade_tramitacao_destino":2,"user":null}